{"id":3441,"date":"2025-09-01T12:24:25","date_gmt":"2025-09-01T16:24:25","guid":{"rendered":"https:\/\/cumbe.gob.ec\/azuay\/?p=3441"},"modified":"2025-09-01T12:26:24","modified_gmt":"2025-09-01T16:26:24","slug":"reunion-cementerio-parroquial-de-cumbe","status":"publish","type":"post","link":"https:\/\/cumbe.gob.ec\/azuay\/reunion-cementerio-parroquial-de-cumbe\/","title":{"rendered":"Reuni\u00f3n Cementerio Parroquial de Cumbe"},"content":{"rendered":"<p><img loading=\"lazy\" decoding=\"async\" class=\"alignnone size-medium wp-image-3440\" src=\"https:\/\/cumbe.gob.ec\/azuay\/wp-content\/uploads\/2025\/09\/REUNION-CEMENTERIO-02-550x249.png\" alt=\"\" width=\"550\" height=\"249\" srcset=\"https:\/\/cumbe.gob.ec\/azuay\/wp-content\/uploads\/2025\/09\/REUNION-CEMENTERIO-02-550x249.png 550w, https:\/\/cumbe.gob.ec\/azuay\/wp-content\/uploads\/2025\/09\/REUNION-CEMENTERIO-02-1024x464.png 1024w, https:\/\/cumbe.gob.ec\/azuay\/wp-content\/uploads\/2025\/09\/REUNION-CEMENTERIO-02-768x348.png 768w, https:\/\/cumbe.gob.ec\/azuay\/wp-content\/uploads\/2025\/09\/REUNION-CEMENTERIO-02-1536x695.png 1536w, https:\/\/cumbe.gob.ec\/azuay\/wp-content\/uploads\/2025\/09\/REUNION-CEMENTERIO-02-2048x927.png 2048w\" sizes=\"auto, (max-width: 550px) 100vw, 550px\" \/><\/p>\n<div dir=\"auto\">EL Gobierno Aut\u00f3nomo Descentralizado Parroquial de Cumbe; Realiza el siguiente: COMUNICADO<\/div>\n<div dir=\"auto\"><span class=\"html-span xexx8yu xyri2b x18d9i69 x1c1uobl x1hl2dhg x16tdsg8 x1vvkbs x3nfvp2 x1j61x8r x1fcty0u xdj266r xat24cr xm2jcoa x1mpyi22 xxymvpz xlup9mm x1kky2od\"><img loading=\"lazy\" decoding=\"async\" class=\"xz74otr x15mokao x1ga7v0g x16uus16 xbiv7yw\" src=\"https:\/\/static.xx.fbcdn.net\/images\/emoji.php\/v9\/tec\/2\/16\/1f449_1f3fc.png\" alt=\"\ud83d\udc49\ud83c\udffc\" width=\"16\" height=\"16\" \/><\/span> Pr\u00f3ximamente se realizar\u00e1n trabajos en el \u00abCEMENTERIO PARROQUIAL\u00bb en la parte frontal del cerramiento, por lo que se<\/div>\n<div dir=\"auto\">comunica a los familiares de los difuntos ubicados en este espacio a una reuni\u00f3n:<\/div>\n<div dir=\"auto\"><span class=\"html-span xexx8yu xyri2b x18d9i69 x1c1uobl x1hl2dhg x16tdsg8 x1vvkbs x3nfvp2 x1j61x8r x1fcty0u xdj266r xat24cr xm2jcoa x1mpyi22 xxymvpz xlup9mm x1kky2od\"><img loading=\"lazy\" decoding=\"async\" class=\"xz74otr x15mokao x1ga7v0g x16uus16 xbiv7yw\" src=\"https:\/\/static.xx.fbcdn.net\/images\/emoji.php\/v9\/t1d\/2\/16\/1f4c5.png\" alt=\"\ud83d\udcc5\" width=\"16\" height=\"16\" \/><\/span> Mi\u00e9rcoles, 03 de Septiembre del 2025<\/div>\n<div dir=\"auto\"><span class=\"html-span xexx8yu xyri2b x18d9i69 x1c1uobl x1hl2dhg x16tdsg8 x1vvkbs x3nfvp2 x1j61x8r x1fcty0u xdj266r xat24cr xm2jcoa x1mpyi22 xxymvpz xlup9mm x1kky2od\"><img loading=\"lazy\" decoding=\"async\" class=\"xz74otr x15mokao x1ga7v0g x16uus16 xbiv7yw\" src=\"https:\/\/static.xx.fbcdn.net\/images\/emoji.php\/v9\/t4b\/2\/16\/1f4cc.png\" alt=\"\ud83d\udccc\" width=\"16\" height=\"16\" \/><\/span> Sal\u00f3n del Mercado Parroquial de Cumbe<\/div>\n<div dir=\"auto\"><span class=\"html-span xexx8yu xyri2b x18d9i69 x1c1uobl x1hl2dhg x16tdsg8 x1vvkbs x3nfvp2 x1j61x8r x1fcty0u xdj266r xat24cr xm2jcoa x1mpyi22 xxymvpz xlup9mm x1kky2od\"><img loading=\"lazy\" decoding=\"async\" class=\"xz74otr x15mokao x1ga7v0g x16uus16 xbiv7yw\" src=\"https:\/\/static.xx.fbcdn.net\/images\/emoji.php\/v9\/tb5\/2\/16\/23f0.png\" alt=\"\u23f0\" width=\"16\" height=\"16\" \/><\/span> 19 Horas<\/div>\n","protected":false},"excerpt":{"rendered":"<p>EL Gobierno Aut\u00f3nomo Descentralizado Parroquial de Cumbe; Realiza el siguiente: COMUNICADO Pr\u00f3ximamente se realizar\u00e1n trabajos en el \u00abCEMENTERIO PARROQUIAL\u00bb en la parte frontal del cerramiento, por lo que se comunica a los familiares de los difuntos ubicados en este espacio a una reuni\u00f3n: Mi\u00e9rcoles, 03 de Septiembre del 2025 Sal\u00f3n del Mercado Parroquial de Cumbe [&hellip;]<\/p>\n","protected":false},"author":6,"featured_media":3440,"comment_status":"closed","ping_status":"closed","sticky":false,"template":"","format":"standard","meta":{"footnotes":""},"categories":[1],"tags":[],"class_list":["post-3441","post","type-post","status-publish","format-standard","has-post-thumbnail","hentry","category-sin-categoria"],"_links":{"self":[{"href":"https:\/\/cumbe.gob.ec\/azuay\/wp-json\/wp\/v2\/posts\/3441","targetHints":{"allow":["GET"]}}],"collection":[{"href":"https:\/\/cumbe.gob.ec\/azuay\/wp-json\/wp\/v2\/posts"}],"about":[{"href":"https:\/\/cumbe.gob.ec\/azuay\/wp-json\/wp\/v2\/types\/post"}],"author":[{"embeddable":true,"href":"https:\/\/cumbe.gob.ec\/azuay\/wp-json\/wp\/v2\/users\/6"}],"replies":[{"embeddable":true,"href":"https:\/\/cumbe.gob.ec\/azuay\/wp-json\/wp\/v2\/comments?post=3441"}],"version-history":[{"count":3,"href":"https:\/\/cumbe.gob.ec\/azuay\/wp-json\/wp\/v2\/posts\/3441\/revisions"}],"predecessor-version":[{"id":3444,"href":"https:\/\/cumbe.gob.ec\/azuay\/wp-json\/wp\/v2\/posts\/3441\/revisions\/3444"}],"wp:featuredmedia":[{"embeddable":true,"href":"https:\/\/cumbe.gob.ec\/azuay\/wp-json\/wp\/v2\/media\/3440"}],"wp:attachment":[{"href":"https:\/\/cumbe.gob.ec\/azuay\/wp-json\/wp\/v2\/media?parent=3441"}],"wp:term":[{"taxonomy":"category","embeddable":true,"href":"https:\/\/cumbe.gob.ec\/azuay\/wp-json\/wp\/v2\/categories?post=3441"},{"taxonomy":"post_tag","embeddable":true,"href":"https:\/\/cumbe.gob.ec\/azuay\/wp-json\/wp\/v2\/tags?post=3441"}],"curies":[{"name":"wp","href":"https:\/\/api.w.org\/{rel}","templated":true}]}}