{"id":3141,"date":"2025-07-24T13:31:14","date_gmt":"2025-07-24T17:31:14","guid":{"rendered":"https:\/\/cumbe.gob.ec\/azuay\/?p=3141"},"modified":"2025-07-25T12:31:13","modified_gmt":"2025-07-25T16:31:13","slug":"cumbe-paraiso-encantado-2","status":"publish","type":"post","link":"https:\/\/cumbe.gob.ec\/azuay\/cumbe-paraiso-encantado-2\/","title":{"rendered":"Cumbe Paraiso Encantado"},"content":{"rendered":"<p><img loading=\"lazy\" decoding=\"async\" class=\"alignnone size-medium wp-image-3143\" src=\"https:\/\/cumbe.gob.ec\/azuay\/wp-content\/uploads\/2025\/07\/PORTADA-WEB-cumbe-paraiso-01-550x249.jpg\" alt=\"\" width=\"550\" height=\"249\" srcset=\"https:\/\/cumbe.gob.ec\/azuay\/wp-content\/uploads\/2025\/07\/PORTADA-WEB-cumbe-paraiso-01-550x249.jpg 550w, https:\/\/cumbe.gob.ec\/azuay\/wp-content\/uploads\/2025\/07\/PORTADA-WEB-cumbe-paraiso-01-1024x463.jpg 1024w, https:\/\/cumbe.gob.ec\/azuay\/wp-content\/uploads\/2025\/07\/PORTADA-WEB-cumbe-paraiso-01-768x348.jpg 768w, https:\/\/cumbe.gob.ec\/azuay\/wp-content\/uploads\/2025\/07\/PORTADA-WEB-cumbe-paraiso-01-1536x695.jpg 1536w, https:\/\/cumbe.gob.ec\/azuay\/wp-content\/uploads\/2025\/07\/PORTADA-WEB-cumbe-paraiso-01-2048x927.jpg 2048w\" sizes=\"auto, (max-width: 550px) 100vw, 550px\" \/><\/p>\n<p>Cumbe Paraiso Encantado<\/p>\n<p><span>El lema \u00abCUMBE PARAISO ENCANTADO\u00bb refleja la esencia de nuestra parroquia, un lugar lleno de belleza natural y armon\u00eda, donde la riqueza cultural y ecol\u00f3gica se entrelazan para definir nuestra identidad. Este nombre simboliza un espacio m\u00e1gico y lleno de vida, que invita a todos a valorar y proteger su entorno.<\/span><\/p>\n<p><span>En el logo del GAD Parroquial de Cumbe, se destaca la figura del colibr\u00ed de cola larga, un ave emblem\u00e1tica que fue com\u00fan en nuestro territorio en \u00e9pocas pasadas y que hoy enfrenta amenazas debido a la destrucci\u00f3n del ambiente. Este peque\u00f1o mensajero, sagrado en la cosmovisi\u00f3n andina, simboliza la dulzura, la armon\u00eda, la buena suerte, la prosperidad y el sacrificio.<\/span><\/p>\n<p><span>El uso del colibr\u00ed en nuestra identidad visual busca recordar y concientizar a la poblaci\u00f3n sobre la importancia ecol\u00f3gica de esta ave, resaltando su papel crucial como polinizadora de numerosas plantas en Am\u00e9rica. Adem\u00e1s, representa la sabidur\u00eda para vivir en equilibrio con la naturaleza y la capacidad de cambiar la direcci\u00f3n del vuelo cuando sea necesario, reflejando nuestro compromiso de trabajar con vigor y constancia para el bienestar de Cumbe.<\/span><\/p>\n<p><span>En conjunto, \u00abCUMBE PARAISO ENCANTADO\u00bb y el s\u00edmbolo del colibr\u00ed expresan nuestro compromiso de preservar la belleza natural, cultural y espiritual de nuestra parroquia, promoviendo una comunidad armoniosa, pr\u00f3spera y respetuosa con su entorno y tradiciones.<\/span><\/p>\n<p>ARQ. LUIS ALFREDO CHUQUIMARCA<\/p>\n<p>Presidente GAD Parroquial de Cumbe<br \/>\nAdministraci\u00f3n 2023-2027<\/p>\n","protected":false},"excerpt":{"rendered":"<p>Cumbe Paraiso Encantado El lema \u00abCUMBE PARAISO ENCANTADO\u00bb refleja la esencia de nuestra parroquia, un lugar lleno de belleza natural y armon\u00eda, donde la riqueza cultural y ecol\u00f3gica se entrelazan para definir nuestra identidad. Este nombre simboliza un espacio m\u00e1gico y lleno de vida, que invita a todos a valorar y proteger su entorno. En [&hellip;]<\/p>\n","protected":false},"author":6,"featured_media":3143,"comment_status":"closed","ping_status":"closed","sticky":false,"template":"","format":"standard","meta":{"footnotes":""},"categories":[1],"tags":[],"class_list":["post-3141","post","type-post","status-publish","format-standard","has-post-thumbnail","hentry","category-sin-categoria"],"_links":{"self":[{"href":"https:\/\/cumbe.gob.ec\/azuay\/wp-json\/wp\/v2\/posts\/3141","targetHints":{"allow":["GET"]}}],"collection":[{"href":"https:\/\/cumbe.gob.ec\/azuay\/wp-json\/wp\/v2\/posts"}],"about":[{"href":"https:\/\/cumbe.gob.ec\/azuay\/wp-json\/wp\/v2\/types\/post"}],"author":[{"embeddable":true,"href":"https:\/\/cumbe.gob.ec\/azuay\/wp-json\/wp\/v2\/users\/6"}],"replies":[{"embeddable":true,"href":"https:\/\/cumbe.gob.ec\/azuay\/wp-json\/wp\/v2\/comments?post=3141"}],"version-history":[{"count":4,"href":"https:\/\/cumbe.gob.ec\/azuay\/wp-json\/wp\/v2\/posts\/3141\/revisions"}],"predecessor-version":[{"id":3315,"href":"https:\/\/cumbe.gob.ec\/azuay\/wp-json\/wp\/v2\/posts\/3141\/revisions\/3315"}],"wp:featuredmedia":[{"embeddable":true,"href":"https:\/\/cumbe.gob.ec\/azuay\/wp-json\/wp\/v2\/media\/3143"}],"wp:attachment":[{"href":"https:\/\/cumbe.gob.ec\/azuay\/wp-json\/wp\/v2\/media?parent=3141"}],"wp:term":[{"taxonomy":"category","embeddable":true,"href":"https:\/\/cumbe.gob.ec\/azuay\/wp-json\/wp\/v2\/categories?post=3141"},{"taxonomy":"post_tag","embeddable":true,"href":"https:\/\/cumbe.gob.ec\/azuay\/wp-json\/wp\/v2\/tags?post=3141"}],"curies":[{"name":"wp","href":"https:\/\/api.w.org\/{rel}","templated":true}]}}