{"id":2938,"date":"2024-05-21T12:20:45","date_gmt":"2024-05-21T16:20:45","guid":{"rendered":"https:\/\/cumbe.gob.ec\/azuay\/?p=2938"},"modified":"2024-05-21T12:39:12","modified_gmt":"2024-05-21T16:39:12","slug":"2938-2","status":"publish","type":"post","link":"https:\/\/cumbe.gob.ec\/azuay\/2938-2\/","title":{"rendered":"Invitaci\u00f3n Rendici\u00f3n de Cuentas"},"content":{"rendered":"<p><img loading=\"lazy\" decoding=\"async\" class=\"alignnone size-medium wp-image-2947\" src=\"https:\/\/cumbe.gob.ec\/azuay\/wp-content\/uploads\/2024\/05\/PORTADA-WEB-rendicion-04-550x249.jpg\" alt=\"\" width=\"550\" height=\"249\" srcset=\"https:\/\/cumbe.gob.ec\/azuay\/wp-content\/uploads\/2024\/05\/PORTADA-WEB-rendicion-04-550x249.jpg 550w, https:\/\/cumbe.gob.ec\/azuay\/wp-content\/uploads\/2024\/05\/PORTADA-WEB-rendicion-04-1024x463.jpg 1024w, https:\/\/cumbe.gob.ec\/azuay\/wp-content\/uploads\/2024\/05\/PORTADA-WEB-rendicion-04-768x348.jpg 768w, https:\/\/cumbe.gob.ec\/azuay\/wp-content\/uploads\/2024\/05\/PORTADA-WEB-rendicion-04-1536x695.jpg 1536w, https:\/\/cumbe.gob.ec\/azuay\/wp-content\/uploads\/2024\/05\/PORTADA-WEB-rendicion-04-2048x927.jpg 2048w\" sizes=\"auto, (max-width: 550px) 100vw, 550px\" \/><\/p>\n<p>&nbsp;<\/p>\n<div dir=\"auto\">El Gobierno Aut\u00f3nomo Descentralizado Parroquial de Cumbe INVITA a todos los ciudadanos de nuestra parroquia a la RENDICI\u00d3N DE CUENTAS del A\u00f1o Fiscal 2023.<\/div>\n<div dir=\"auto\"><span class=\"html-span xexx8yu x4uap5 x18d9i69 xkhd6sd x1hl2dhg x16tdsg8 x1vvkbs x3nfvp2 x1j61x8r x1fcty0u xdj266r xhhsvwb xat24cr xgzva0m xxymvpz xlup9mm x1kky2od\"><img loading=\"lazy\" decoding=\"async\" class=\"xz74otr\" src=\"https:\/\/static.xx.fbcdn.net\/images\/emoji.php\/v9\/t9e\/2\/16\/1f4c6.png\" alt=\"\ud83d\udcc6\" width=\"16\" height=\"16\" \/><\/span> Jueves, 30 de Mayo de 2024<\/div>\n<div dir=\"auto\"><span class=\"html-span xexx8yu x4uap5 x18d9i69 xkhd6sd x1hl2dhg x16tdsg8 x1vvkbs x3nfvp2 x1j61x8r x1fcty0u xdj266r xhhsvwb xat24cr xgzva0m xxymvpz xlup9mm x1kky2od\"><img loading=\"lazy\" decoding=\"async\" class=\"xz74otr\" src=\"https:\/\/static.xx.fbcdn.net\/images\/emoji.php\/v9\/t7b\/2\/16\/231a.png\" alt=\"\u231a\ufe0f\" width=\"16\" height=\"16\" \/><\/span> 19:00<\/div>\n<div dir=\"auto\"><span class=\"html-span xexx8yu x4uap5 x18d9i69 xkhd6sd x1hl2dhg x16tdsg8 x1vvkbs x3nfvp2 x1j61x8r x1fcty0u xdj266r xhhsvwb xat24cr xgzva0m xxymvpz xlup9mm x1kky2od\"><img loading=\"lazy\" decoding=\"async\" class=\"xz74otr\" src=\"https:\/\/static.xx.fbcdn.net\/images\/emoji.php\/v9\/tcc\/2\/16\/1f4cd.png\" alt=\"\ud83d\udccd\" width=\"16\" height=\"16\" \/><\/span> Sal\u00f3n del Mercado San Luis de Cumbe<\/div>\n<div dir=\"auto\"><span class=\"html-span xdj266r x11i5rnm xat24cr x1mh8g0r xexx8yu x4uap5 x18d9i69 xkhd6sd x1hl2dhg x16tdsg8 x1vvkbs\"><a class=\"x1i10hfl xjbqb8w x1ejq31n xd10rxx x1sy0etr x17r0tee x972fbf xcfux6l x1qhh985 xm0m39n x9f619 x1ypdohk xt0psk2 xe8uvvx xdj266r x11i5rnm xat24cr x1mh8g0r xexx8yu x4uap5 x18d9i69 xkhd6sd x16tdsg8 x1hl2dhg xggy1nq x1a2a7pz x1sur9pj xkrqix3 x1fey0fg xo1l8bm\" tabindex=\"0\" role=\"link\" href=\"https:\/\/www.facebook.com\/hashtag\/rendiciondecuentas2023?__eep__=6&amp;__cft__[0]=AZXxwbXm6vJqAkgMiJwsF23I9aDQ3VIfAGY29CkSvd6UuZT4E_3EZxCi6CLgQESurMsdCoiGpvGI8CsnuJ_HS-R5FdiQfgDQkrGCyJnKSUTsuUxSyJgPwNrHvsd1tpTSI_HQY4f44f4hCzSH47pNkZbsixNWP5rHq83DTugUFDPE0uHtk-NHoPqueQndV5S73XW7_qJ-bQRQzi0yo6DYRr5bcLtacZFP1xmzT3YD1GXb_A&amp;__tn__=*NK-y-R\">#rendiciondecuentas2023<\/a><\/span> <span class=\"html-span xdj266r x11i5rnm xat24cr x1mh8g0r xexx8yu x4uap5 x18d9i69 xkhd6sd x1hl2dhg x16tdsg8 x1vvkbs\"><a class=\"x1i10hfl xjbqb8w x1ejq31n xd10rxx x1sy0etr x17r0tee x972fbf xcfux6l x1qhh985 xm0m39n x9f619 x1ypdohk xt0psk2 xe8uvvx xdj266r x11i5rnm xat24cr x1mh8g0r xexx8yu x4uap5 x18d9i69 xkhd6sd x16tdsg8 x1hl2dhg xggy1nq x1a2a7pz x1sur9pj xkrqix3 x1fey0fg xo1l8bm\" tabindex=\"0\" role=\"link\" href=\"https:\/\/www.facebook.com\/hashtag\/gadcumbe?__eep__=6&amp;__cft__[0]=AZXxwbXm6vJqAkgMiJwsF23I9aDQ3VIfAGY29CkSvd6UuZT4E_3EZxCi6CLgQESurMsdCoiGpvGI8CsnuJ_HS-R5FdiQfgDQkrGCyJnKSUTsuUxSyJgPwNrHvsd1tpTSI_HQY4f44f4hCzSH47pNkZbsixNWP5rHq83DTugUFDPE0uHtk-NHoPqueQndV5S73XW7_qJ-bQRQzi0yo6DYRr5bcLtacZFP1xmzT3YD1GXb_A&amp;__tn__=*NK-y-R\">#gadcumbe<\/a><\/span> <span class=\"html-span xdj266r x11i5rnm xat24cr x1mh8g0r xexx8yu x4uap5 x18d9i69 xkhd6sd x1hl2dhg x16tdsg8 x1vvkbs\"><a class=\"x1i10hfl xjbqb8w x1ejq31n xd10rxx x1sy0etr x17r0tee x972fbf xcfux6l x1qhh985 xm0m39n x9f619 x1ypdohk xt0psk2 xe8uvvx xdj266r x11i5rnm xat24cr x1mh8g0r xexx8yu x4uap5 x18d9i69 xkhd6sd x16tdsg8 x1hl2dhg xggy1nq x1a2a7pz x1sur9pj xkrqix3 x1fey0fg xo1l8bm\" tabindex=\"0\" role=\"link\" href=\"https:\/\/www.facebook.com\/hashtag\/parroquiacumbe?__eep__=6&amp;__cft__[0]=AZXxwbXm6vJqAkgMiJwsF23I9aDQ3VIfAGY29CkSvd6UuZT4E_3EZxCi6CLgQESurMsdCoiGpvGI8CsnuJ_HS-R5FdiQfgDQkrGCyJnKSUTsuUxSyJgPwNrHvsd1tpTSI_HQY4f44f4hCzSH47pNkZbsixNWP5rHq83DTugUFDPE0uHtk-NHoPqueQndV5S73XW7_qJ-bQRQzi0yo6DYRr5bcLtacZFP1xmzT3YD1GXb_A&amp;__tn__=*NK-y-R\">#parroquiacumbe<\/a><\/span><\/div>\n","protected":false},"excerpt":{"rendered":"<p>&nbsp; El Gobierno Aut\u00f3nomo Descentralizado Parroquial de Cumbe INVITA a todos los ciudadanos de nuestra parroquia a la RENDICI\u00d3N DE CUENTAS del A\u00f1o Fiscal 2023. Jueves, 30 de Mayo de 2024 19:00 Sal\u00f3n del Mercado San Luis de Cumbe #rendiciondecuentas2023 #gadcumbe #parroquiacumbe<\/p>\n","protected":false},"author":6,"featured_media":2947,"comment_status":"closed","ping_status":"closed","sticky":false,"template":"","format":"standard","meta":{"footnotes":""},"categories":[1],"tags":[],"class_list":["post-2938","post","type-post","status-publish","format-standard","has-post-thumbnail","hentry","category-sin-categoria"],"_links":{"self":[{"href":"https:\/\/cumbe.gob.ec\/azuay\/wp-json\/wp\/v2\/posts\/2938","targetHints":{"allow":["GET"]}}],"collection":[{"href":"https:\/\/cumbe.gob.ec\/azuay\/wp-json\/wp\/v2\/posts"}],"about":[{"href":"https:\/\/cumbe.gob.ec\/azuay\/wp-json\/wp\/v2\/types\/post"}],"author":[{"embeddable":true,"href":"https:\/\/cumbe.gob.ec\/azuay\/wp-json\/wp\/v2\/users\/6"}],"replies":[{"embeddable":true,"href":"https:\/\/cumbe.gob.ec\/azuay\/wp-json\/wp\/v2\/comments?post=2938"}],"version-history":[{"count":0,"href":"https:\/\/cumbe.gob.ec\/azuay\/wp-json\/wp\/v2\/posts\/2938\/revisions"}],"wp:featuredmedia":[{"embeddable":true,"href":"https:\/\/cumbe.gob.ec\/azuay\/wp-json\/wp\/v2\/media\/2947"}],"wp:attachment":[{"href":"https:\/\/cumbe.gob.ec\/azuay\/wp-json\/wp\/v2\/media?parent=2938"}],"wp:term":[{"taxonomy":"category","embeddable":true,"href":"https:\/\/cumbe.gob.ec\/azuay\/wp-json\/wp\/v2\/categories?post=2938"},{"taxonomy":"post_tag","embeddable":true,"href":"https:\/\/cumbe.gob.ec\/azuay\/wp-json\/wp\/v2\/tags?post=2938"}],"curies":[{"name":"wp","href":"https:\/\/api.w.org\/{rel}","templated":true}]}}