{"id":1941,"date":"2021-08-04T09:05:01","date_gmt":"2021-08-04T13:05:01","guid":{"rendered":"https:\/\/cumbe.gob.ec\/azuay\/?p=1941"},"modified":"2022-04-08T13:54:41","modified_gmt":"2022-04-08T17:54:41","slug":"taller-de-cosntruccion-participativa","status":"publish","type":"post","link":"https:\/\/cumbe.gob.ec\/azuay\/taller-de-cosntruccion-participativa\/","title":{"rendered":"Delegaci\u00f3n del uso y Gesti\u00f3n del suelo"},"content":{"rendered":"\t\t<div data-elementor-type=\"wp-post\" data-elementor-id=\"1941\" class=\"elementor elementor-1941\" data-elementor-settings=\"[]\">\n\t\t\t<div class=\"elementor-inner\">\n\t\t\t\t<div class=\"elementor-section-wrap\">\n\t\t\t\t\t\t\t<section class=\"elementor-element elementor-element-d8a7d42 elementor-section-boxed elementor-section-height-default elementor-section-height-default elementor-section elementor-top-section\" data-id=\"d8a7d42\" data-element_type=\"section\">\n\t\t\t\t\t\t<div class=\"elementor-container elementor-column-gap-default\">\n\t\t\t\t<div class=\"elementor-row\">\n\t\t\t\t<div class=\"elementor-element elementor-element-5875c80 elementor-column elementor-col-50 elementor-top-column\" data-id=\"5875c80\" data-element_type=\"column\">\n\t\t\t<div class=\"elementor-column-wrap  elementor-element-populated\">\n\t\t\t\t\t<div class=\"elementor-widget-wrap\">\n\t\t\t\t<div class=\"elementor-element elementor-element-8e94e2b elementor-widget elementor-widget-image\" data-id=\"8e94e2b\" data-element_type=\"widget\" data-widget_type=\"image.default\">\n\t\t\t\t<div class=\"elementor-widget-container\">\n\t\t\t\t\t<div class=\"elementor-image\">\n\t\t\t\t\t\t\t\t\t\t<img loading=\"lazy\" decoding=\"async\" width=\"1024\" height=\"629\" src=\"https:\/\/cumbe.gob.ec\/azuay\/wp-content\/uploads\/2021\/08\/MARCO-FOTOGRAFIAS-CAMP-67-1024x629.jpg\" class=\"attachment-large size-large\" alt=\"\" srcset=\"https:\/\/cumbe.gob.ec\/azuay\/wp-content\/uploads\/2021\/08\/MARCO-FOTOGRAFIAS-CAMP-67-1024x629.jpg 1024w, https:\/\/cumbe.gob.ec\/azuay\/wp-content\/uploads\/2021\/08\/MARCO-FOTOGRAFIAS-CAMP-67-550x338.jpg 550w, https:\/\/cumbe.gob.ec\/azuay\/wp-content\/uploads\/2021\/08\/MARCO-FOTOGRAFIAS-CAMP-67-768x472.jpg 768w, https:\/\/cumbe.gob.ec\/azuay\/wp-content\/uploads\/2021\/08\/MARCO-FOTOGRAFIAS-CAMP-67-1536x944.jpg 1536w, https:\/\/cumbe.gob.ec\/azuay\/wp-content\/uploads\/2021\/08\/MARCO-FOTOGRAFIAS-CAMP-67-2048x1258.jpg 2048w\" sizes=\"auto, (max-width: 1024px) 100vw, 1024px\" \/>\t\t\t\t\t\t\t\t\t\t\t<\/div>\n\t\t\t\t<\/div>\n\t\t\t\t<\/div>\n\t\t\t\t\t\t<\/div>\n\t\t\t<\/div>\n\t\t<\/div>\n\t\t\t\t<div class=\"elementor-element elementor-element-9fb39e3 elementor-column elementor-col-50 elementor-top-column\" data-id=\"9fb39e3\" data-element_type=\"column\">\n\t\t\t<div class=\"elementor-column-wrap  elementor-element-populated\">\n\t\t\t\t\t<div class=\"elementor-widget-wrap\">\n\t\t\t\t<div class=\"elementor-element elementor-element-b1541eb elementor-widget elementor-widget-text-editor\" data-id=\"b1541eb\" data-element_type=\"widget\" data-widget_type=\"text-editor.default\">\n\t\t\t\t<div class=\"elementor-widget-container\">\n\t\t\t\t\t<div class=\"elementor-text-editor elementor-clearfix\"><div dir=\"auto\">El d\u00eda viernes 01 de abril de 2022 se firm\u00f3 el convenio entre el GAD Municipal Cuenca y GAD Parroquial Rural Cumbe, para la delegaci\u00f3n del uso y gesti\u00f3n del suelo.<\/div><div dir=\"auto\">Desde ahora la parroquia Cumbe goza de los siguientes benef\u00edcios:<\/div><div dir=\"auto\">&#8211; Reduce la brecha urbano-rural y garantiza el desarrollo del territorio.<\/div><div dir=\"auto\">&#8211; Acerca los servicios municipales a la parroquia, con una atenci\u00f3n oportuna en tr\u00e1mites espec\u00edficos, ahorrando tiempo y dinero a la ciudadan\u00eda de Cumbe.<\/div><div dir=\"auto\">&#8211; Fomenta el desarrollo y progreso de Cumbe, mejorando la calidad de la inversi\u00f3n p\u00fablica.<\/div><div dir=\"auto\">&#8211; Asignaci\u00f3n de recursos econ\u00f3micos a favor del GAD parroquial.<\/div><div dir=\"auto\">&#8211; Las plazas de empleo generadas ser\u00e1n llenadas por ciudadanas o ciudadanos cumbe\u00f1os.<\/div><div dir=\"auto\">.<\/div><div dir=\"auto\">Ab. Fausto Maxi Fern\u00e1ndez<\/div><div dir=\"auto\">PRESIDENTE DEL GADP CUMBE<\/div><div dir=\"auto\">&#8211;Por una administraci\u00f3n m\u00e1s humana y eficiente.&#8211;<\/div><div dir=\"auto\">.<\/div><div dir=\"auto\"><a class=\"oajrlxb2 g5ia77u1 qu0x051f esr5mh6w e9989ue4 r7d6kgcz rq0escxv nhd2j8a9 nc684nl6 p7hjln8o kvgmc6g5 cxmmr5t8 oygrvhab hcukyx3x jb3vyjys rz4wbd8a qt6c0cv9 a8nywdso i1ao9s8h esuyzwwr f1sip0of lzcic4wl gpro0wi8 q66pz984 b1v8xokw\" tabindex=\"0\" role=\"link\" href=\"https:\/\/www.facebook.com\/hashtag\/cumbemashumana?__eep__=6&amp;__cft__[0]=AZVmsQuHl901kcqTgKiBlM_xBkLukmaHj2iHerf8PMtuEz2-UmcbbXaN33e9TmTdKeV7zz-28wiTLw3h5ixkdj1vEnEpVrWwLVGFpc5t8ksRmeTMMHi3aN8EyaFaUmVVJltMZ2HLjhKkN1mIFTv4gQ1uLrUnGTGRhg11m-i5MFy5zQ&amp;__tn__=*NK-R\">#cumbemashumana<\/a> <a class=\"oajrlxb2 g5ia77u1 qu0x051f esr5mh6w e9989ue4 r7d6kgcz rq0escxv nhd2j8a9 nc684nl6 p7hjln8o kvgmc6g5 cxmmr5t8 oygrvhab hcukyx3x jb3vyjys rz4wbd8a qt6c0cv9 a8nywdso i1ao9s8h esuyzwwr f1sip0of lzcic4wl gpro0wi8 q66pz984 b1v8xokw\" tabindex=\"0\" role=\"link\" href=\"https:\/\/www.facebook.com\/hashtag\/cumbemaseficiente?__eep__=6&amp;__cft__[0]=AZVmsQuHl901kcqTgKiBlM_xBkLukmaHj2iHerf8PMtuEz2-UmcbbXaN33e9TmTdKeV7zz-28wiTLw3h5ixkdj1vEnEpVrWwLVGFpc5t8ksRmeTMMHi3aN8EyaFaUmVVJltMZ2HLjhKkN1mIFTv4gQ1uLrUnGTGRhg11m-i5MFy5zQ&amp;__tn__=*NK-R\">#cumbemaseficiente<\/a><\/div><\/div>\n\t\t\t\t<\/div>\n\t\t\t\t<\/div>\n\t\t\t\t\t\t<\/div>\n\t\t\t<\/div>\n\t\t<\/div>\n\t\t\t\t\t\t<\/div>\n\t\t\t<\/div>\n\t\t<\/section>\n\t\t\t\t<section class=\"elementor-element elementor-element-5d07916 elementor-section-boxed elementor-section-height-default elementor-section-height-default elementor-section elementor-top-section\" data-id=\"5d07916\" data-element_type=\"section\">\n\t\t\t\t\t\t<div class=\"elementor-container elementor-column-gap-default\">\n\t\t\t\t<div class=\"elementor-row\">\n\t\t\t\t<div class=\"elementor-element elementor-element-ad7a370 elementor-column elementor-col-100 elementor-top-column\" data-id=\"ad7a370\" data-element_type=\"column\">\n\t\t\t<div class=\"elementor-column-wrap  elementor-element-populated\">\n\t\t\t\t\t<div class=\"elementor-widget-wrap\">\n\t\t\t\t<div class=\"elementor-element elementor-element-1fe6e1d elementor-skin-carousel elementor-arrows-yes elementor-pagination-type-bullets elementor-pagination-position-outside elementor-widget elementor-widget-media-carousel\" data-id=\"1fe6e1d\" data-element_type=\"widget\" data-settings=\"{&quot;skin&quot;:&quot;carousel&quot;,&quot;effect&quot;:&quot;slide&quot;,&quot;show_arrows&quot;:&quot;yes&quot;,&quot;pagination&quot;:&quot;bullets&quot;,&quot;speed&quot;:500,&quot;autoplay&quot;:&quot;yes&quot;,&quot;autoplay_speed&quot;:5000,&quot;loop&quot;:&quot;yes&quot;,&quot;pause_on_hover&quot;:&quot;yes&quot;,&quot;pause_on_interaction&quot;:&quot;yes&quot;,&quot;space_between&quot;:{&quot;unit&quot;:&quot;px&quot;,&quot;size&quot;:10,&quot;sizes&quot;:[]},&quot;space_between_tablet&quot;:{&quot;unit&quot;:&quot;px&quot;,&quot;size&quot;:10,&quot;sizes&quot;:[]},&quot;space_between_mobile&quot;:{&quot;unit&quot;:&quot;px&quot;,&quot;size&quot;:10,&quot;sizes&quot;:[]}}\" data-widget_type=\"media-carousel.default\">\n\t\t\t\t<div class=\"elementor-widget-container\">\n\t\t\t\t\t<div class=\"elementor-swiper\">\n\t\t\t<div class=\"elementor-main-swiper swiper-container\">\n\t\t\t\t<div class=\"swiper-wrapper\">\n\t\t\t\t\t\t\t\t\t\t\t<div class=\"swiper-slide\">\n\t\t\t\t\t\t\t\t\t<div class=\"elementor-carousel-image\" style=\"background-image: url(https:\/\/cumbe.gob.ec\/azuay\/wp-content\/uploads\/2021\/08\/FIRMA-18-e1649440126701.jpg)\">\n\t\t\t\t\t<\/div>\n\t\t\t\t\t\t\t\t<\/div>\n\t\t\t\t\t\t\t\t\t\t\t<div class=\"swiper-slide\">\n\t\t\t\t\t\t\t\t\t<div class=\"elementor-carousel-image\" style=\"background-image: url(https:\/\/cumbe.gob.ec\/azuay\/wp-content\/uploads\/2021\/08\/FIRMA-19-e1649440146391.jpg)\">\n\t\t\t\t\t<\/div>\n\t\t\t\t\t\t\t\t<\/div>\n\t\t\t\t\t\t\t\t\t\t\t<div class=\"swiper-slide\">\n\t\t\t\t\t\t\t\t\t<div class=\"elementor-carousel-image\" style=\"background-image: url(https:\/\/cumbe.gob.ec\/azuay\/wp-content\/uploads\/2021\/08\/FIRMA-21-e1649440191533.jpg)\">\n\t\t\t\t\t<\/div>\n\t\t\t\t\t\t\t\t<\/div>\n\t\t\t\t\t\t\t\t\t\t\t<div class=\"swiper-slide\">\n\t\t\t\t\t\t\t\t\t<div class=\"elementor-carousel-image\" style=\"background-image: url(https:\/\/cumbe.gob.ec\/azuay\/wp-content\/uploads\/2021\/08\/FIRMA-23-e1649440213597.jpg)\">\n\t\t\t\t\t<\/div>\n\t\t\t\t\t\t\t\t<\/div>\n\t\t\t\t\t\t\t\t\t\t\t<div class=\"swiper-slide\">\n\t\t\t\t\t\t\t\t\t<div class=\"elementor-carousel-image\" style=\"background-image: url(https:\/\/cumbe.gob.ec\/azuay\/wp-content\/uploads\/2021\/08\/FIRMA-24-e1649440244474.jpg)\">\n\t\t\t\t\t<\/div>\n\t\t\t\t\t\t\t\t<\/div>\n\t\t\t\t\t\t\t\t\t\t\t<div class=\"swiper-slide\">\n\t\t\t\t\t\t\t\t\t<div class=\"elementor-carousel-image\" style=\"background-image: url(https:\/\/cumbe.gob.ec\/azuay\/wp-content\/uploads\/2021\/08\/FIRMA-29-e1649440308730.jpg)\">\n\t\t\t\t\t<\/div>\n\t\t\t\t\t\t\t\t<\/div>\n\t\t\t\t\t\t\t\t\t\t\t<div class=\"swiper-slide\">\n\t\t\t\t\t\t\t\t\t<div class=\"elementor-carousel-image\" style=\"background-image: url(https:\/\/cumbe.gob.ec\/azuay\/wp-content\/uploads\/2021\/08\/FIRMA-30-e1649440334405.jpg)\">\n\t\t\t\t\t<\/div>\n\t\t\t\t\t\t\t\t<\/div>\n\t\t\t\t\t\t\t\t\t\t\t<div class=\"swiper-slide\">\n\t\t\t\t\t\t\t\t\t<div class=\"elementor-carousel-image\" style=\"background-image: url(https:\/\/cumbe.gob.ec\/azuay\/wp-content\/uploads\/2021\/08\/MARCO-FOTOGRAFIAS-CAMP-64.jpg)\">\n\t\t\t\t\t<\/div>\n\t\t\t\t\t\t\t\t<\/div>\n\t\t\t\t\t\t\t\t\t\t\t<div class=\"swiper-slide\">\n\t\t\t\t\t\t\t\t\t<div class=\"elementor-carousel-image\" style=\"background-image: url(https:\/\/cumbe.gob.ec\/azuay\/wp-content\/uploads\/2021\/08\/FIRMA-31-e1649440381351.jpg)\">\n\t\t\t\t\t<\/div>\n\t\t\t\t\t\t\t\t<\/div>\n\t\t\t\t\t\t\t\t\t<\/div>\n\t\t\t\t\t\t\t\t\t\t\t\t\t\t\t<div class=\"swiper-pagination\"><\/div>\n\t\t\t\t\t\t\t\t\t\t\t\t\t\t\t\t<div class=\"elementor-swiper-button elementor-swiper-button-prev\">\n\t\t\t\t\t\t\t<i class=\"eicon-chevron-left\" aria-hidden=\"true\"><\/i>\n\t\t\t\t\t\t\t<span class=\"elementor-screen-only\">Previous<\/span>\n\t\t\t\t\t\t<\/div>\n\t\t\t\t\t\t<div class=\"elementor-swiper-button elementor-swiper-button-next\">\n\t\t\t\t\t\t\t<i class=\"eicon-chevron-right\" aria-hidden=\"true\"><\/i>\n\t\t\t\t\t\t\t<span class=\"elementor-screen-only\">Next<\/span>\n\t\t\t\t\t\t<\/div>\n\t\t\t\t\t\t\t\t\t\t\t\t<\/div>\n\t\t<\/div>\n\t\t\t\t<\/div>\n\t\t\t\t<\/div>\n\t\t\t\t\t\t<\/div>\n\t\t\t<\/div>\n\t\t<\/div>\n\t\t\t\t\t\t<\/div>\n\t\t\t<\/div>\n\t\t<\/section>\n\t\t\t\t\t\t<\/div>\n\t\t\t<\/div>\n\t\t<\/div>\n\t\t","protected":false},"excerpt":{"rendered":"<p>El d\u00eda viernes 01 de abril de 2022 se firm\u00f3 el convenio entre el GAD Municipal Cuenca y GAD Parroquial Rural Cumbe, para la delegaci\u00f3n del uso y gesti\u00f3n del suelo.Desde ahora la parroquia Cumbe goza de los siguientes benef\u00edcios:- Reduce la brecha urbano-rural y garantiza el desarrollo del territorio.- Acerca los servicios municipales a [&hellip;]<\/p>\n","protected":false},"author":4,"featured_media":2176,"comment_status":"closed","ping_status":"closed","sticky":false,"template":"","format":"standard","meta":{"footnotes":""},"categories":[1],"tags":[],"class_list":["post-1941","post","type-post","status-publish","format-standard","has-post-thumbnail","hentry","category-sin-categoria"],"_links":{"self":[{"href":"https:\/\/cumbe.gob.ec\/azuay\/wp-json\/wp\/v2\/posts\/1941","targetHints":{"allow":["GET"]}}],"collection":[{"href":"https:\/\/cumbe.gob.ec\/azuay\/wp-json\/wp\/v2\/posts"}],"about":[{"href":"https:\/\/cumbe.gob.ec\/azuay\/wp-json\/wp\/v2\/types\/post"}],"author":[{"embeddable":true,"href":"https:\/\/cumbe.gob.ec\/azuay\/wp-json\/wp\/v2\/users\/4"}],"replies":[{"embeddable":true,"href":"https:\/\/cumbe.gob.ec\/azuay\/wp-json\/wp\/v2\/comments?post=1941"}],"version-history":[{"count":0,"href":"https:\/\/cumbe.gob.ec\/azuay\/wp-json\/wp\/v2\/posts\/1941\/revisions"}],"wp:featuredmedia":[{"embeddable":true,"href":"https:\/\/cumbe.gob.ec\/azuay\/wp-json\/wp\/v2\/media\/2176"}],"wp:attachment":[{"href":"https:\/\/cumbe.gob.ec\/azuay\/wp-json\/wp\/v2\/media?parent=1941"}],"wp:term":[{"taxonomy":"category","embeddable":true,"href":"https:\/\/cumbe.gob.ec\/azuay\/wp-json\/wp\/v2\/categories?post=1941"},{"taxonomy":"post_tag","embeddable":true,"href":"https:\/\/cumbe.gob.ec\/azuay\/wp-json\/wp\/v2\/tags?post=1941"}],"curies":[{"name":"wp","href":"https:\/\/api.w.org\/{rel}","templated":true}]}}