{"id":128,"date":"2011-04-14T01:20:33","date_gmt":"2011-04-14T05:20:33","guid":{"rendered":"http:\/\/gadrosaflorida.gob.ec\/sucumbios\/?p=128"},"modified":"2020-03-05T06:34:54","modified_gmt":"2020-03-05T10:34:54","slug":"historia","status":"publish","type":"post","link":"https:\/\/cumbe.gob.ec\/azuay\/historia\/","title":{"rendered":"Cumbe y su Desarrollo"},"content":{"rendered":"<div class=\"enigma_blog_full\">\n<div class=\"enigma_blog_post_content\">\n<blockquote><p><strong>Breve historia de la parroquia Cumbe<\/strong><\/p><\/blockquote>\n<p>Cumbe ha sido poblada por los Ca\u00f1aris, sin poder precisar el acontecimiento humano, luego viene la conquista de los incas desde el Per\u00fa estos han hecho la poblaci\u00f3n de manera esencial en la cina del cerro Caushin en donde existe hasta hoy las tolas o gradas en donde sembraban los cereales, adem\u00e1s vivan en los cerros de el calvario, Mirin, Yuraj caca y Bahuanchi, exist\u00eda en Inga huasi los vestigios del chaqui (correo de los incas) tambi\u00e9n se divisaba el camino real de los incas en las partes de Silban e Inga huasi.<\/p>\n<p>&nbsp;<\/p>\n<blockquote><p><strong>Religi\u00f3n<\/strong><\/p><\/blockquote>\n<p>Los p\u00e1rrocos de cumbe desde 1766 se conoce han sido los siguientes: Juan Pe\u00f1a, fray Vicente Ram\u00edrez, Pedro Vaca, Tomas Ullauri, Juan Ram\u00edrez, Manuel Machado, Javier crespo, Pedro Ochoa, Manuel Espinoza, Miguel Vintimilla, Mariano Delgado, Jos\u00e9 D\u00edaz, Jos\u00e9 Torres, Camilo Prieto, Miguel Pio Arteaga, Cecilio Guerrero, Nicol\u00e1s C\u00e1ceres, Manuel B. Enderica, Jos\u00e9 Antonio Ambrosi, Justo Abad, Mois\u00e9s Cuesta, Adolfo Jaramillo, Jos\u00e9 Antonio d\u00edas, V\u00edctor Lemus, Adolfo Mar\u00eda Ortega, Leopoldo cordero, Oscar Gonzales, Luis Antonio Sarmiento, Aulio Torres, Celso Berrezueta, Justo Le\u00f3n de los R\u00edos, Emiliano Crespo Revilla, Carlos Ter\u00e1n Zenteno, Manuel Guamba\u00f1a, Alberto Saquicela, Enrique Ochoa, Endo. Gustavo Mora, Endo Eugenio Reyes, Guillermo Zalamea, Jos\u00e9 Luis Rodr\u00edguez, Benjam\u00edn Bermeo, Vicente Zaruma, Vicente S\u00e1nchez y Jos\u00e9 Le\u00f3n.<\/p>\n<p><strong>\u00a0<\/strong><\/p>\n<p>Despu\u00e9s de la fundaci\u00f3n de Cumbe se celebra las festividades de San Luis de Patr\u00f3n de la parroquia; luego seg\u00fan tradici\u00f3n trajeron al Cristo desde Espa\u00f1a que se denomino Se\u00f1or de Cumbe, hasta 1943 que se llamaba fiesta de toros y se desaparec\u00eda las fiestas de cumbe, por los a\u00f1os de 1944 llega de p\u00e1rroco el Dr. Emiliano Crespo Revilla reorganiza las fiestas ya con el nombre de Se\u00f1or de los Milagros lo que sigue la tradici\u00f3n.<\/p>\n<p>&nbsp;<\/p>\n<blockquote><p><strong>Las ferias de Cumbe<\/strong><\/p><\/blockquote>\n<p>Hasta 1950 no exist\u00eda las ferias, mas o menos en ese a\u00f1o la Sra. Adelina Ruiz, una panadera de la ciudad de Cuenca, llega a Cumbe con la venta de pan, luego sigue viniendo ya con art\u00edculos de primera necesidad y sigue progresando hasta lo que hoy es la feria dominical. La feria de los mi\u00e9rcoles anteriormente para vender cualquier animal, los due\u00f1os madrugaban a Cuenca o ven\u00edan los negociantes del Valle (Ugu\u00f1as). Sin poder precisar la fecha, el Sr. Julio Paredes * Presidente de la Junta Parroquial y Emiliano Morocho, Tesorero de la misma, en el sitio llamado puente del Guerra, se vend\u00eda unas pocas reces que ven\u00edan de Gima y San Jos\u00e9 de Raranga, los dos en menci\u00f3n nos trasladamos al lugar y obligamos a los pocos vendedores y negociantes del Valle se trasladaran a la plaza central, desde ah\u00ed creci\u00f3 hasta que hoy es una feria regional, lo que hace falta un local adecuado para la feria.<\/p>\n<p>&nbsp;<\/p>\n<blockquote><p>\u00a0<strong>Educaci\u00f3n<\/strong><\/p><\/blockquote>\n<p>Hasta el a\u00f1o de 1973, Cumbe ten\u00eda tres escuelas, las dos del centro parroquial y la escuela de Totorillas. El Sr. Jefe pol\u00edtico del Cant\u00f3n Cuenca ordena a todos los tenientes pol\u00edticos presenten la lista de las escuelas que tengan cada parroquia. Cumbe fue la \u00fanica parroquia que tenia solo tres escuelas, entonces se gestiona en 1975 la creaci\u00f3n de la escuela de San Francisco, cuando el Director Provincial de educaci\u00f3n era el Ingeniero Arturo C\u00f3rdova Malo. En 1976 se funda la escuela los \u00c1lamos, cuando el director Provincial de Educaci\u00f3n el Licenciado Justo Abad, los siguientes a\u00f1os se crean las escuelas de Manzano Loma y el Salado, las que fueron cerradas, la escuela de San Luis de Totorillas se funda por gestiones de Emiliano* y de San C\u00e1pac, se funda por gestiones del Licenciado Germ\u00e1n Chuquimarca.<\/p>\n<p>&nbsp;<\/p>\n<p>El colegio de Cumbe, en 1975 a ra\u00edz de la creaci\u00f3n de los colegios en las parroquias de Nabon, Gima y el Valle, se realiza una asamblea con los estudiantes universitarios: Romeo Zeas, Sergio Alvarado*, Lucas Chuchuca*, Rub\u00e9n Lazo, Sergio Tirado, el teniente pol\u00edtico, Emiliano Morocho y otros mas, el p\u00e1rroco Enrique Ochoa y Germ\u00e1n Chuquimarca, estos se oponen a tal proyecto, en 1976 con el cambio de p\u00e1rroco, en Tarqui viene el padre Gustavo Mora encargado de Cumbe, se organiza una nueva directiva y se traslada a Quito para realizar gestiones ante el Sr. Ministros de Educaci\u00f3n, se continua hasta la creaci\u00f3n.<\/p>\n<p>&nbsp;<\/p>\n<blockquote><p><strong>Salud<\/strong><\/p><\/blockquote>\n<p>En 1974 se realiza el alcantarillado desde la esquina de la plaza hacia el rio con tuber\u00eda de 0.90 cm. En 1986 se canaliza las aguas que inundaban la plaza en \u00e9pocas de lluvia, desde la calle Sucre hasta el rio Cumbe. Sub centro de Salud en el a\u00f1o de 1977 se crea el Sub centro de Salud Medico Dental, cuando el Director Provincial de Salud El Dr. Alejandro Serrano Galarza, en 1988 se consigue 5.00 tubos de cemento para la canalizaci\u00f3n de la calle central de Y a Y, tambi\u00e9n se canaliza frente a la plaza y frente a la escuela Carlos Ter\u00e1n Zenteno.<\/p>\n<p>&nbsp;<\/p>\n<blockquote><p><strong>Deporte<\/strong><\/p><\/blockquote>\n<p>La parroquia de cumbe, siempre se ha caracterizado por el deporte, en especial por el futbol, los primeros futbolistas entre otros fueron: Rosalino Campoverde, Eliseo y Rigoberto Zhingri, Rodolfo y Manuel Lazo, \u00c1ngel Villa, Ernesto Chuchuca, Flavio Villa, este deporte se realizaba en la plaza central por que no hab\u00eda ni feria ni campo deportivo. El estadio a finales del a\u00f1o de 1980 se organiza la liga parroquial con la iniciativa de Emiliano Morocho, Teniente Pol\u00edtico y el Sr. \u00c1ngel Mora P. director de la escuela Gabriel A. Ullauri y en estas mismas fechas se busca sitios de diferentes partes, se acuerda inspeccionar los terrenos del Sr. N\u00e9stor Chuchuca y la familia Mogrovejo, contra la voluntad de ellos y con gran sacrificio se realiza los primeros encuentros de futbol, as\u00ed se consigui\u00f3 el hoy estadio de Cumbe.<\/p>\n<p><img loading=\"lazy\" decoding=\"async\" class=\"wp-image-953  aligncenter\" src=\"http:\/\/cumbe.gob.ec\/azuay\/wp-content\/uploads\/2011\/04\/2bla.jpg\" alt=\"\" width=\"751\" height=\"415\" srcset=\"https:\/\/cumbe.gob.ec\/azuay\/wp-content\/uploads\/2011\/04\/2bla.jpg 1200w, https:\/\/cumbe.gob.ec\/azuay\/wp-content\/uploads\/2011\/04\/2bla-550x304.jpg 550w, https:\/\/cumbe.gob.ec\/azuay\/wp-content\/uploads\/2011\/04\/2bla-768x424.jpg 768w, https:\/\/cumbe.gob.ec\/azuay\/wp-content\/uploads\/2011\/04\/2bla-1024x566.jpg 1024w\" sizes=\"auto, (max-width: 751px) 100vw, 751px\" \/><\/p>\n<blockquote><p><strong>Electrificaci\u00f3n<\/strong><\/p><\/blockquote>\n<p>En 1955, el Municipio de Cuenca, instala un grupo el\u00e9ctrico que no duro mucho. En 1960 llega la luz el\u00e9ctrica desde narancay del Ingeniero Nicanor Merch\u00e1n, de la misma manera dur\u00f3 poco, en 1982 se organiza un consorcio de las parroquias de Cumbe, Victoria del Portete y Tarqui, pro electrificaci\u00f3n de las tres parroquias, se solicita a la Empres El\u00e9ctrica Cuenca, que as\u00ed se llamaba la empresa. Por petici\u00f3n de la autoridad parroquial a base de mingas se logra lo deseado, el gerente de la empres fue el Licenciado Daniel Toral.<\/p>\n<p>&nbsp;<\/p>\n<blockquote><p><strong>Sistema de Agua<\/strong><\/p><\/blockquote>\n<p>El agua se utilizaba para todo servicio, del rio, de las vertientes y quebradas. En 1952 se realiza la captaci\u00f3n de las aguas de Gulag en el sector tagshana rumi, hoy la floresta, solo sirve al centro del pueblo, en 1974 se solicita a ETAPA, los estudios y construcci\u00f3n del proyecto Uku ruru, en sistema de mingas se realiza el proyecto, los ni\u00f1os de los cuarto, quinto y sexto grado de la escuela Arsenio Ullauri, trasladan la tuber\u00eda hasta Ulu ruru, en 1975 se capta las aguas de Huaca mullu, para los sectores la Floresta y Amarillo, posteriormente se denuncia las aguas de Shuga, carb\u00f3n y otro para los mismos sectores, en 1985 se inicia los trabajos del proyecto Yutu japina, en base de migas hasta de 650 personas asist\u00edan para estos trabajos, colaboraron del Ministerio de Salud por intermedio del INERI con la suma de $ 10.000 y medio de sucres, con los estudios y realizaci\u00f3n de la obra fue de ETAPA, gerente el Ingeniero Agust\u00edn Rengel, teniente pol\u00edtico Emiliano Morocho, presidente de la Junta Parroquial Facundo Guam\u00e1n, agua que utilizamos hasta el momento.<\/p>\n<\/div>\n<\/div>\n","protected":false},"excerpt":{"rendered":"<p>Breve historia de la parroquia Cumbe Cumbe ha sido poblada por los Ca\u00f1aris, sin poder precisar el acontecimiento humano, luego viene la conquista de los incas desde el Per\u00fa estos han hecho la poblaci\u00f3n de manera esencial en la cina del cerro Caushin en donde existe hasta hoy las tolas o gradas en donde sembraban [&hellip;]<\/p>\n","protected":false},"author":1,"featured_media":0,"comment_status":"closed","ping_status":"closed","sticky":false,"template":"","format":"standard","meta":{"footnotes":""},"categories":[1],"tags":[],"class_list":["post-128","post","type-post","status-publish","format-standard","hentry","category-sin-categoria"],"_links":{"self":[{"href":"https:\/\/cumbe.gob.ec\/azuay\/wp-json\/wp\/v2\/posts\/128","targetHints":{"allow":["GET"]}}],"collection":[{"href":"https:\/\/cumbe.gob.ec\/azuay\/wp-json\/wp\/v2\/posts"}],"about":[{"href":"https:\/\/cumbe.gob.ec\/azuay\/wp-json\/wp\/v2\/types\/post"}],"author":[{"embeddable":true,"href":"https:\/\/cumbe.gob.ec\/azuay\/wp-json\/wp\/v2\/users\/1"}],"replies":[{"embeddable":true,"href":"https:\/\/cumbe.gob.ec\/azuay\/wp-json\/wp\/v2\/comments?post=128"}],"version-history":[{"count":0,"href":"https:\/\/cumbe.gob.ec\/azuay\/wp-json\/wp\/v2\/posts\/128\/revisions"}],"wp:attachment":[{"href":"https:\/\/cumbe.gob.ec\/azuay\/wp-json\/wp\/v2\/media?parent=128"}],"wp:term":[{"taxonomy":"category","embeddable":true,"href":"https:\/\/cumbe.gob.ec\/azuay\/wp-json\/wp\/v2\/categories?post=128"},{"taxonomy":"post_tag","embeddable":true,"href":"https:\/\/cumbe.gob.ec\/azuay\/wp-json\/wp\/v2\/tags?post=128"}],"curies":[{"name":"wp","href":"https:\/\/api.w.org\/{rel}","templated":true}]}}